{"id":1684,"date":"2015-12-01T20:40:36","date_gmt":"2015-12-01T20:40:36","guid":{"rendered":"http:\/\/www.interrapax.org\/?p=1684"},"modified":"2015-12-01T20:40:36","modified_gmt":"2015-12-01T20:40:36","slug":"in-terra-pax-2016-zapowiedz","status":"publish","type":"post","link":"http:\/\/www.interrapax.org\/pl\/in-terra-pax-2016-zapowiedz\/","title":{"rendered":"In Terra Pax 2016 &#8211; Zapowied\u017a"},"content":{"rendered":"<p>Jeste\u015bmy wci\u0105\u017c w fazie planowania, ale ju\u017c teraz warto zarezerwowa\u0107 termin w kalendarzu na kolejn\u0105 edycj\u0119 In Terra Pax.<\/p>\n<p>Warsztaty w Mi\u0119dzyzdrojach rozpoczn\u0105 si\u0119 w pi\u0105tek lub w sobot\u0119, 17 lub 18 czerwca. Bezpo\u015brednio po tygodniu pr\u00f3b wyruszymy w tras\u0119 koncertow\u0105, kt\u00f3ra potrwa do 1 lipca.<\/p>\n<p>Wi\u0119cej szczeg\u00f3\u0142\u00f3w wkr\u00f3tce.<\/p>\n","protected":false},"excerpt":{"rendered":"<p>Jeste\u015bmy wci\u0105\u017c w fazie planowania, ale ju\u017c teraz warto zarezerwowa\u0107 termin w kalendarzu na kolejn\u0105 edycj\u0119 In Terra Pax. Warsztaty w Mi\u0119dzyzdrojach rozpoczn\u0105 si\u0119 w pi\u0105tek lub w sobot\u0119, 17 lub 18 czerwca. Bezpo\u015brednio po tygodniu pr\u00f3b wyruszymy w tras\u0119 &hellip; <a href=\"http:\/\/www.interrapax.org\/pl\/in-terra-pax-2016-zapowiedz\/\">Continue reading <span class=\"meta-nav\">&rarr;<\/span><\/a><\/p>\n","protected":false},"author":10,"featured_media":0,"comment_status":"closed","ping_status":"open","sticky":false,"template":"","format":"standard","meta":{"footnotes":""},"categories":[20],"tags":[],"class_list":["post-1684","post","type-post","status-publish","format-standard","hentry","category-aktualnosci"],"_links":{"self":[{"href":"http:\/\/www.interrapax.org\/pl\/wp-json\/wp\/v2\/posts\/1684","targetHints":{"allow":["GET"]}}],"collection":[{"href":"http:\/\/www.interrapax.org\/pl\/wp-json\/wp\/v2\/posts"}],"about":[{"href":"http:\/\/www.interrapax.org\/pl\/wp-json\/wp\/v2\/types\/post"}],"author":[{"embeddable":true,"href":"http:\/\/www.interrapax.org\/pl\/wp-json\/wp\/v2\/users\/10"}],"replies":[{"embeddable":true,"href":"http:\/\/www.interrapax.org\/pl\/wp-json\/wp\/v2\/comments?post=1684"}],"version-history":[{"count":1,"href":"http:\/\/www.interrapax.org\/pl\/wp-json\/wp\/v2\/posts\/1684\/revisions"}],"predecessor-version":[{"id":1685,"href":"http:\/\/www.interrapax.org\/pl\/wp-json\/wp\/v2\/posts\/1684\/revisions\/1685"}],"wp:attachment":[{"href":"http:\/\/www.interrapax.org\/pl\/wp-json\/wp\/v2\/media?parent=1684"}],"wp:term":[{"taxonomy":"category","embeddable":true,"href":"http:\/\/www.interrapax.org\/pl\/wp-json\/wp\/v2\/categories?post=1684"},{"taxonomy":"post_tag","embeddable":true,"href":"http:\/\/www.interrapax.org\/pl\/wp-json\/wp\/v2\/tags?post=1684"}],"curies":[{"name":"wp","href":"https:\/\/api.w.org\/{rel}","templated":true}]}}