{"id":1451,"date":"2014-03-18T20:58:17","date_gmt":"2014-03-18T20:58:17","guid":{"rendered":"http:\/\/www.interrapax.org\/?p=1451"},"modified":"2014-06-06T20:16:46","modified_gmt":"2014-06-06T20:16:46","slug":"plan-na-rok-2014","status":"publish","type":"post","link":"http:\/\/www.interrapax.org\/pl\/plan-na-rok-2014\/","title":{"rendered":"Plan na rok 2014"},"content":{"rendered":"<p>Wci\u0105\u017c pracujemy nad szczeg\u00f3\u0142ami tegorocznej edycji, ale najwa\u017cniejsze informacje ju\u017c s\u0105 znane. Warsztaty odb\u0119d\u0105 si\u0119 w dniach 22 \u2013 29 czerwca w Mi\u0119dzyzdrojach. Planujemy tak\u017ce tras\u0119 koncertow\u0105 w Niemczech w dniach 16 \u2013 20 lipca. Tegoroczni dyrygenci to Pau de Luis Alba (Hiszpania), Felipe Salazar (Kolumbia) i Szymon Wyrzykowski (Polska).<br \/>\nKoncerty:<br \/>\n26 czerwca \u2013 Mi\u0119dzynarodowy Dom Kultury w Mi\u0119dzyzdrojach \u2013 w ramach 49. Mi\u0119dzynarodowego Festiwalu Pie\u015bni Ch\u00f3ralnej<br \/>\n27 czerwca \u2013 Mi\u0119dzynarodowy Dom Kultury w Mi\u0119dzyzdrojach \u2013 koncert galowy Festiwalu<br \/>\n28 czerwca \u2013 koncert w ko\u015bciele p.w. \u015bw. Piotra Aposto\u0142a w Mi\u0119dzyzdrojach<br \/>\n29 czerwca \u2013 koncert w bazylice archikatedralnej p.w. \u015bw. Jakuba w Szczecinie<br \/>\n17 \u2013 20 lipca \u2013 koncerty w Niemczech<\/p>\n<p>Zapraszamy do wsp\u00f3lnej muzycznej przygody!<\/p>\n","protected":false},"excerpt":{"rendered":"<p>Wci\u0105\u017c pracujemy nad szczeg\u00f3\u0142ami tegorocznej edycji, ale najwa\u017cniejsze informacje ju\u017c s\u0105 znane. Warsztaty odb\u0119d\u0105 si\u0119 w dniach 22 \u2013 29 czerwca w Mi\u0119dzyzdrojach. Planujemy tak\u017ce tras\u0119 koncertow\u0105 w Niemczech w dniach 16 \u2013 20 lipca. Tegoroczni dyrygenci to Pau de &hellip; <a href=\"http:\/\/www.interrapax.org\/pl\/plan-na-rok-2014\/\">Continue reading <span class=\"meta-nav\">&rarr;<\/span><\/a><\/p>\n","protected":false},"author":10,"featured_media":0,"comment_status":"closed","ping_status":"open","sticky":false,"template":"","format":"standard","meta":{"footnotes":""},"categories":[20],"tags":[],"class_list":["post-1451","post","type-post","status-publish","format-standard","hentry","category-aktualnosci"],"_links":{"self":[{"href":"http:\/\/www.interrapax.org\/pl\/wp-json\/wp\/v2\/posts\/1451","targetHints":{"allow":["GET"]}}],"collection":[{"href":"http:\/\/www.interrapax.org\/pl\/wp-json\/wp\/v2\/posts"}],"about":[{"href":"http:\/\/www.interrapax.org\/pl\/wp-json\/wp\/v2\/types\/post"}],"author":[{"embeddable":true,"href":"http:\/\/www.interrapax.org\/pl\/wp-json\/wp\/v2\/users\/10"}],"replies":[{"embeddable":true,"href":"http:\/\/www.interrapax.org\/pl\/wp-json\/wp\/v2\/comments?post=1451"}],"version-history":[{"count":3,"href":"http:\/\/www.interrapax.org\/pl\/wp-json\/wp\/v2\/posts\/1451\/revisions"}],"predecessor-version":[{"id":1459,"href":"http:\/\/www.interrapax.org\/pl\/wp-json\/wp\/v2\/posts\/1451\/revisions\/1459"}],"wp:attachment":[{"href":"http:\/\/www.interrapax.org\/pl\/wp-json\/wp\/v2\/media?parent=1451"}],"wp:term":[{"taxonomy":"category","embeddable":true,"href":"http:\/\/www.interrapax.org\/pl\/wp-json\/wp\/v2\/categories?post=1451"},{"taxonomy":"post_tag","embeddable":true,"href":"http:\/\/www.interrapax.org\/pl\/wp-json\/wp\/v2\/tags?post=1451"}],"curies":[{"name":"wp","href":"https:\/\/api.w.org\/{rel}","templated":true}]}}