{"id":2478,"date":"2022-06-21T20:00:51","date_gmt":"2022-06-21T20:00:51","guid":{"rendered":"http:\/\/www.interrapax.org\/?p=2478"},"modified":"2022-06-21T20:11:51","modified_gmt":"2022-06-21T20:11:51","slug":"in-terra-pax-2022-konzerte-in-stuttgart-und-offenburg","status":"publish","type":"post","link":"http:\/\/www.interrapax.org\/de\/in-terra-pax-2022-konzerte-in-stuttgart-und-offenburg\/","title":{"rendered":"in terra pax 2022: Konzerte in Stuttgart und Offenburg"},"content":{"rendered":"\n<p>Die Arbeitsphase in Mi\u0119dzyzdroje hat begonnen und im Anschlu\u00df ist der Chor auf Konzertreise in Deutschland zu h\u00f6ren mit Konzerten<\/p>\n\n\n\n<div class=\"wp-block-columns is-layout-flex wp-container-core-columns-is-layout-9d6595d7 wp-block-columns-is-layout-flex\">\n<div class=\"wp-block-column is-layout-flow wp-block-column-is-layout-flow\">\n<p>In Stuttgart in der Leonhardskirche am Freitag den 8. Juli um 19:00 Uhr:<\/p>\n\n\n\n<div class=\"wp-block-image\"><figure class=\"alignleft size-large\"><img loading=\"lazy\" decoding=\"async\" width=\"300\" height=\"425\" src=\"http:\/\/www.interrapax.org\/wp-content\/uploads\/Leonhardskirche_2022.jpg\" alt=\"\" class=\"wp-image-2530\" srcset=\"http:\/\/www.interrapax.org\/wp-content\/uploads\/Leonhardskirche_2022.jpg 300w, http:\/\/www.interrapax.org\/wp-content\/uploads\/Leonhardskirche_2022-212x300.jpg 212w\" sizes=\"auto, (max-width: 300px) 100vw, 300px\" \/><\/figure><\/div>\n<\/div>\n\n\n\n<div class=\"wp-block-column is-layout-flow wp-block-column-is-layout-flow\">\n<p>In Offenburg in der Heilig-Geist-Kirche am Samstag den 9. Juli ebenfalls um 19:00 Uhr:<\/p>\n\n\n\n<div class=\"wp-block-image\"><figure class=\"alignright size-large\"><img loading=\"lazy\" decoding=\"async\" width=\"300\" height=\"410\" src=\"http:\/\/www.interrapax.org\/wp-content\/uploads\/Offenburg_2022.jpg\" alt=\"\" class=\"wp-image-2534\" srcset=\"http:\/\/www.interrapax.org\/wp-content\/uploads\/Offenburg_2022.jpg 300w, http:\/\/www.interrapax.org\/wp-content\/uploads\/Offenburg_2022-220x300.jpg 220w\" sizes=\"auto, (max-width: 300px) 100vw, 300px\" \/><\/figure><\/div>\n<\/div>\n<\/div>\n\n\n\n<p><\/p>\n","protected":false},"excerpt":{"rendered":"<p>Die Arbeitsphase in Mi\u0119dzyzdroje hat begonnen und im Anschlu\u00df ist der Chor auf Konzertreise in Deutschland zu h\u00f6ren mit Konzerten In Stuttgart in der Leonhardskirche am Freitag den 8. Juli um 19:00 Uhr: In Offenburg in der Heilig-Geist-Kirche am Samstag &hellip; <a href=\"http:\/\/www.interrapax.org\/de\/in-terra-pax-2022-konzerte-in-stuttgart-und-offenburg\/\">Continue reading <span class=\"meta-nav\">&rarr;<\/span><\/a><\/p>\n","protected":false},"author":13,"featured_media":0,"comment_status":"closed","ping_status":"open","sticky":false,"template":"","format":"standard","meta":{"footnotes":""},"categories":[18],"tags":[],"class_list":["post-2478","post","type-post","status-publish","format-standard","hentry","category-aktuelles"],"_links":{"self":[{"href":"http:\/\/www.interrapax.org\/de\/wp-json\/wp\/v2\/posts\/2478","targetHints":{"allow":["GET"]}}],"collection":[{"href":"http:\/\/www.interrapax.org\/de\/wp-json\/wp\/v2\/posts"}],"about":[{"href":"http:\/\/www.interrapax.org\/de\/wp-json\/wp\/v2\/types\/post"}],"author":[{"embeddable":true,"href":"http:\/\/www.interrapax.org\/de\/wp-json\/wp\/v2\/users\/13"}],"replies":[{"embeddable":true,"href":"http:\/\/www.interrapax.org\/de\/wp-json\/wp\/v2\/comments?post=2478"}],"version-history":[{"count":21,"href":"http:\/\/www.interrapax.org\/de\/wp-json\/wp\/v2\/posts\/2478\/revisions"}],"predecessor-version":[{"id":2539,"href":"http:\/\/www.interrapax.org\/de\/wp-json\/wp\/v2\/posts\/2478\/revisions\/2539"}],"wp:attachment":[{"href":"http:\/\/www.interrapax.org\/de\/wp-json\/wp\/v2\/media?parent=2478"}],"wp:term":[{"taxonomy":"category","embeddable":true,"href":"http:\/\/www.interrapax.org\/de\/wp-json\/wp\/v2\/categories?post=2478"},{"taxonomy":"post_tag","embeddable":true,"href":"http:\/\/www.interrapax.org\/de\/wp-json\/wp\/v2\/tags?post=2478"}],"curies":[{"name":"wp","href":"https:\/\/api.w.org\/{rel}","templated":true}]}}