{"id":2309,"date":"2019-02-08T17:58:51","date_gmt":"2019-02-08T17:58:51","guid":{"rendered":"http:\/\/www.interrapax.org\/?p=2309"},"modified":"2019-03-11T20:40:53","modified_gmt":"2019-03-11T20:40:53","slug":"in-terra-pax-2019","status":"publish","type":"post","link":"http:\/\/www.interrapax.org\/de\/in-terra-pax-2019\/","title":{"rendered":"in terra pax 2019"},"content":{"rendered":"<p>Unsere Planungen f\u00fcr dieses Jahr laufen auf vollen Touren und wir k\u00f6nnen Euch ein paar Neuigkeiten verk\u00fcnden.<\/p>\n<p>In terra pax findet dieses Jahr vom <strong>8. bis 17. Juni<\/strong> statt. Auch dieses Mal wird unser k\u00fcnstlerischer Leiter <strong><a href=\"http:\/\/www.interrapax.org?page_id=200&amp;lang=de\">Szymon Wyrzykowski<\/a><\/strong> sein. Wir freuen uns sehr, als Dirigentin auf Deutscher Seite wieder <strong><a href=\"http:\/\/www.interrapax.org\/de\/ruckblick\/dirigenten-2\/christiane-buettig\/\">Christiane B\u00fcttig<\/a><\/strong> vom Universit\u00e4tschor Dresden willkommen zu hei\u00dfen.<\/p>\n<p>Weitere Infos findet Ihr unter <a href=\"http:\/\/www.interrapax.org\/de\/mitmachen\/planung-2013\/\">Planung<\/a>. Meldet euch an!<\/p>\n<p><img loading=\"lazy\" decoding=\"async\" class=\"alignnone wp-image-2331 size-full\" src=\"http:\/\/www.interrapax.org\/wp-content\/uploads\/ITP2019_Mitglieder_klein_1-2.jpg\" alt=\"\" width=\"800\" height=\"570\" srcset=\"http:\/\/www.interrapax.org\/wp-content\/uploads\/ITP2019_Mitglieder_klein_1-2.jpg 800w, http:\/\/www.interrapax.org\/wp-content\/uploads\/ITP2019_Mitglieder_klein_1-2-300x214.jpg 300w, http:\/\/www.interrapax.org\/wp-content\/uploads\/ITP2019_Mitglieder_klein_1-2-768x547.jpg 768w\" sizes=\"auto, (max-width: 800px) 100vw, 800px\" \/><\/p>\n","protected":false},"excerpt":{"rendered":"<p>Unsere Planungen f\u00fcr dieses Jahr laufen auf vollen Touren und wir k\u00f6nnen Euch ein paar Neuigkeiten verk\u00fcnden. In terra pax findet dieses Jahr vom 8. bis 17. Juni statt. Auch dieses Mal wird unser k\u00fcnstlerischer Leiter Szymon Wyrzykowski sein. Wir &hellip; <a href=\"http:\/\/www.interrapax.org\/de\/in-terra-pax-2019\/\">Continue reading <span class=\"meta-nav\">&rarr;<\/span><\/a><\/p>\n","protected":false},"author":2,"featured_media":0,"comment_status":"closed","ping_status":"open","sticky":false,"template":"","format":"standard","meta":{"footnotes":""},"categories":[18],"tags":[],"class_list":["post-2309","post","type-post","status-publish","format-standard","hentry","category-aktuelles"],"_links":{"self":[{"href":"http:\/\/www.interrapax.org\/de\/wp-json\/wp\/v2\/posts\/2309","targetHints":{"allow":["GET"]}}],"collection":[{"href":"http:\/\/www.interrapax.org\/de\/wp-json\/wp\/v2\/posts"}],"about":[{"href":"http:\/\/www.interrapax.org\/de\/wp-json\/wp\/v2\/types\/post"}],"author":[{"embeddable":true,"href":"http:\/\/www.interrapax.org\/de\/wp-json\/wp\/v2\/users\/2"}],"replies":[{"embeddable":true,"href":"http:\/\/www.interrapax.org\/de\/wp-json\/wp\/v2\/comments?post=2309"}],"version-history":[{"count":6,"href":"http:\/\/www.interrapax.org\/de\/wp-json\/wp\/v2\/posts\/2309\/revisions"}],"predecessor-version":[{"id":2336,"href":"http:\/\/www.interrapax.org\/de\/wp-json\/wp\/v2\/posts\/2309\/revisions\/2336"}],"wp:attachment":[{"href":"http:\/\/www.interrapax.org\/de\/wp-json\/wp\/v2\/media?parent=2309"}],"wp:term":[{"taxonomy":"category","embeddable":true,"href":"http:\/\/www.interrapax.org\/de\/wp-json\/wp\/v2\/categories?post=2309"},{"taxonomy":"post_tag","embeddable":true,"href":"http:\/\/www.interrapax.org\/de\/wp-json\/wp\/v2\/tags?post=2309"}],"curies":[{"name":"wp","href":"https:\/\/api.w.org\/{rel}","templated":true}]}}