{"id":1999,"date":"2018-02-24T20:23:25","date_gmt":"2018-02-24T20:23:25","guid":{"rendered":"http:\/\/www.interrapax.org\/?p=1999"},"modified":"2018-05-24T20:25:35","modified_gmt":"2018-05-24T20:25:35","slug":"in-terra-pax-2018","status":"publish","type":"post","link":"http:\/\/www.interrapax.org\/de\/in-terra-pax-2018\/","title":{"rendered":"in terra pax 2018"},"content":{"rendered":"<p>Unsere Planungen f\u00fcr dieses Jahr laufen auf vollen Touren und wir k\u00f6nnen Euch ein paar Neuigkeiten verk\u00fcnden.<\/p>\n<p>In terra pax findet dieses Jahr vom <strong>16. bis 24. Juni<\/strong>\u00a0in Mi\u0119dzyzdroje statt. Auch dieses Mal wird unser k\u00fcnstlerischer Leiter <strong><a href=\"http:\/\/www.interrapax.org?page_id=200&amp;lang=de\">Szymon Wyrzykowski<\/a><\/strong> sein. Wir freuen uns sehr, als Dirigentin auf Deutscher Seite wieder <strong>Christiane B\u00fcttig<\/strong> vom Universit\u00e4tschor Dresden willkommen zu hei\u00dfen.<\/p>\n<p>Weitere Infos findet Ihr unter <a href=\"http:\/\/www.interrapax.org?page_id=1274&amp;lang=de\">Planung<\/a>. Meldet euch an!<\/p>\n","protected":false},"excerpt":{"rendered":"<p>Unsere Planungen f\u00fcr dieses Jahr laufen auf vollen Touren und wir k\u00f6nnen Euch ein paar Neuigkeiten verk\u00fcnden. In terra pax findet dieses Jahr vom 16. bis 24. Juni\u00a0in Mi\u0119dzyzdroje statt. Auch dieses Mal wird unser k\u00fcnstlerischer Leiter Szymon Wyrzykowski sein. &hellip; <a href=\"http:\/\/www.interrapax.org\/de\/in-terra-pax-2018\/\">Continue reading <span class=\"meta-nav\">&rarr;<\/span><\/a><\/p>\n","protected":false},"author":13,"featured_media":0,"comment_status":"closed","ping_status":"open","sticky":false,"template":"","format":"standard","meta":{"footnotes":""},"categories":[18],"tags":[],"class_list":["post-1999","post","type-post","status-publish","format-standard","hentry","category-aktuelles"],"_links":{"self":[{"href":"http:\/\/www.interrapax.org\/de\/wp-json\/wp\/v2\/posts\/1999","targetHints":{"allow":["GET"]}}],"collection":[{"href":"http:\/\/www.interrapax.org\/de\/wp-json\/wp\/v2\/posts"}],"about":[{"href":"http:\/\/www.interrapax.org\/de\/wp-json\/wp\/v2\/types\/post"}],"author":[{"embeddable":true,"href":"http:\/\/www.interrapax.org\/de\/wp-json\/wp\/v2\/users\/13"}],"replies":[{"embeddable":true,"href":"http:\/\/www.interrapax.org\/de\/wp-json\/wp\/v2\/comments?post=1999"}],"version-history":[{"count":1,"href":"http:\/\/www.interrapax.org\/de\/wp-json\/wp\/v2\/posts\/1999\/revisions"}],"predecessor-version":[{"id":2002,"href":"http:\/\/www.interrapax.org\/de\/wp-json\/wp\/v2\/posts\/1999\/revisions\/2002"}],"wp:attachment":[{"href":"http:\/\/www.interrapax.org\/de\/wp-json\/wp\/v2\/media?parent=1999"}],"wp:term":[{"taxonomy":"category","embeddable":true,"href":"http:\/\/www.interrapax.org\/de\/wp-json\/wp\/v2\/categories?post=1999"},{"taxonomy":"post_tag","embeddable":true,"href":"http:\/\/www.interrapax.org\/de\/wp-json\/wp\/v2\/tags?post=1999"}],"curies":[{"name":"wp","href":"https:\/\/api.w.org\/{rel}","templated":true}]}}